{"id":119,"date":"2010-11-11T13:30:30","date_gmt":"2010-11-11T12:30:30","guid":{"rendered":"http:\/\/translationalia.wordpress.com\/?p=119"},"modified":"2010-11-11T13:30:30","modified_gmt":"2010-11-11T12:30:30","slug":"banffy-miklos-vandorkiallitas-reizende-tentoonstelling-over-miklos-banffy","status":"publish","type":"post","link":"https:\/\/www.rebekkahermanmostert.com\/?p=119","title":{"rendered":"B\u00e1nffy Mikl\u00f3s v\u00e1ndorki\u00e1ll\u00edt\u00e1s &#8211;                               Reizende tentoonstelling over Mikl\u00f3s B\u00e1nffy"},"content":{"rendered":"<p>Boedapest, 11 november 2010 \u2013 23 januari 2011<\/p>\n<p><a href=\"http:\/\/szinhaziintezet.hu\/index.php?action=hir&amp;aid=94\">Gr\u00f3f B\u00e1nffy Mikl\u00f3s v\u00e1ndorki\u00e1ll\u00edt\u00e1s<\/a>\u00a0(Budapest, Krisztina K\u00f6r\u00fat 57.)<br \/>\nReizende tentoonstelling over Mikl\u00f3s B\u00e1nffy in het Nationale Theatermuseum<br \/>\nOpening\/Megnyit\u00f3: 11 november 2010, 17:00<\/p>\n<p>Voltam, l\u00e1ttam, nem gy\u0151ztem. Tulajdonk\u00e9ppen nagy, nagyon nagy ez az \u00e9let, de kicsi ahhoz amit l\u00e1tni szeretn\u00e9nk\u00a0bel\u0151le. Tetszik, hogy a ford\u00edt\u00e1som r\u00e9v\u00e9n ilyen k\u00f6zel ker\u00fclgetek (sic!) ehhez a Mikl\u00f3shoz. Nem hiszem, hogy <em>real time <\/em>erre b\u00e1rminek r\u00e9v\u00e9n is lett volna alkalmam. Valahogy sohasem nagyvil\u00e1gi h\u00f6lgynek k\u00e9pzelem magam a m\u00faltban, sokkal ink\u00e1bb nagyszem\u0171 \u00e9s csud\u00e1lkoz\u00f3 nagyv\u00e1rosi csel\u00e9dnek, szeg\u00e9ny falusi pap okoskod\u00f3\u00a0l\u00e1ny\u00e1nak, vagy polg\u00e1ri csipk\u00e9k k\u00f6z\u00f6tt teng\u0151d\u0151 f\u00e1radtarc\u00fa asszonynak. Sz\u00f3val nem egyt\u00e1rsas\u00e1gbelinek.<\/p>\n<p>Outi Hassi finn m\u0171ford\u00edt\u00f3nak k\u00f6sz\u00f6nhetem a megh\u00edv\u00e1st &#8211; \u0151 is ott lesz azon a bizonyos gyertyaf\u00e9nyes vacsor\u00e1n, amikor meg\u00fcnnepelj\u00fck a munka v\u00e9g\u00e9t \u00e9s a k\u00f6nyv megjelen\u00e9s\u00e9t!<\/p>\n<p>A ki\u00e1ll\u00edt\u00e1s \u00e9rdekes dolgokat mutat, \u00e9s sz\u00e9p a Sz\u00ednh\u00e1zt\u00f6rt\u00e9neti Int\u00e9zet \u00e9p\u00fclete, egy csendes udvar a forgalmas Krisztina k\u00f6r\u00fat mellett. Megismerhettem Lakos Ann\u00e1t, aki kedvesen, szel\u00edden de hat\u00e1rozottan kalauzolt emberek \u00e9s k\u00f6nyvek k\u00f6z\u00f6tt\u00a0\u00e9s azt is felaj\u00e1nlotta, hogy id\u0151vel megn\u00e9zhetem-meghallgathatom a megnyit\u00f3nak azt a r\u00e9sz\u00e9t amit a sokas\u00e1g miatt csak nagyon t\u00e1volr\u00f3l n\u00e9zhettem-hallhattam (volna, ha nem mentem volna ki ink\u00e1bb az udvarra, hogy\u00a0egyebekr\u0151l diskur\u00e1ljunk Outival).<\/p>\n<p>Sz\u0151cs G\u00e9za k\u00f6lt\u0151\/B\u00e1nffy-kutat\u00f3\/\u00e1llamtitk\u00e1r nyitotta meg a v\u00e1ndorki\u00e1ll\u00edt\u00e1st \u00e9s keresetlen, hozz\u00e1\u00e9rt\u0151 szavakban mondott annyit, amennyit kellett egy megnyit\u00f3 el\u00e9. T\u00f6bbek k\u00f6zt azt is, hogy tavasszal bemutatj\u00e1k Zalaegerszegen az egyik B\u00e1nffy-dr\u00e1m\u00e1t. J\u00f3 lenne elmenni, megn\u00e9zni! \u00c9s azt is megjegyezte, hogy a B\u00e1nffy karikatur\u00e1lis politikusportr\u00e9i az\u00e9rt olyanok, mert csak nagy adag szarkazmussal lehetett elviselni azt az eur\u00f3pai t\u00e1rgyal\u00e1st amelyen a Magyarorsz\u00e1g dolgaiban is hat\u00e1roztak.\u00a0(1922-ben rajzolta \u0151ket, amikor Magyarorsz\u00e1g k\u00fcl\u00fcgyminisztere volt, \u00e9s az orsz\u00e1got k\u00e9pviselte a genov\u00e1ban -Genua- tartott Nemzetk\u00f6zi Tan\u00e1cskoz\u00e1s Eur\u00f3pai K\u00e9rd\u00e9sek Tiszt\u00e1z\u00e1s\u00e1ra c\u00edm\u0171 konferenci\u00e1n).<\/p>\n<p>Saj\u00e1t tehetetlens\u00e9g\u00e9t is l\u00e1ttatja az \u00f6narck\u00e9pe &#8211; mert \u00f6nmag\u00e1t is rajzban karik\u00edrozta. A k\u00e9peket egy\u00e9bk\u00e9nt nem meglep\u0151 m\u00f3don \u00e1ln\u00e9ven \u00e9s francia c\u00edmmel adt\u00e1k ki (Fresques et frasques: Myll, Ben &#8211; forr\u00e1s: <a href=\"http:\/\/www.oszk.hu\/mnb\/mnbkb_pdf\/2006\/20\/fuzet.pdf\">OSzK<\/a>).<br \/>\nBravo. Bravo. Et bravo encore!<\/p>\n<p style=\"text-align:center;\"><a href=\"http:\/\/translationalia.files.wordpress.com\/2010\/11\/zelfportret-onarckep-1922.jpg\"><img loading=\"lazy\" decoding=\"async\" class=\"aligncenter size-medium wp-image-130\" title=\"B\u00e1nffy Mikl\u00f3s -  \u00d6narck\u00e9p\/Zelfportret - 1922\" src=\"http:\/\/translationalia.files.wordpress.com\/2010\/11\/zelfportret-onarckep-1922.jpg?w=287\" alt=\"\" width=\"287\" height=\"300\" srcset=\"https:\/\/www.rebekkahermanmostert.com\/wp-content\/uploads\/2010\/11\/zelfportret-onarckep-1922.jpg 566w, https:\/\/www.rebekkahermanmostert.com\/wp-content\/uploads\/2010\/11\/zelfportret-onarckep-1922-288x300.jpg 288w\" sizes=\"auto, (max-width: 287px) 100vw, 287px\" \/><\/a><\/p>\n<p>\u00a0<\/p>\n<p>Friss\u00edt\u00e9s:<br \/>\nA v\u00e1ndorki\u00e1ll\u00edt\u00e1s 2011 janu\u00e1r 24-t\u0151l m\u00e1rcius 11-ig megtekinthet\u0151\u00a0Kolozsv\u00e1ron.<br \/>\nA Rem\u00e9nyik S\u00e1ndor Gal\u00e9ri\u00e1ban els\u0151sorban a k\u00e9pz\u0151m\u0171v\u00e9sz B\u00e1nffy Mikl\u00f3s \u201emutatkozik be\u201d (c\u00edm: Kossuth Lajos\/21 Decembrie 1989. 1. sz\u00e1m), az EMKE\u2013Gy\u00f6rk\u00f6s M\u00e1nyi Albert Eml\u00e9kh\u00e1zban pedig az Erd\u00e9lyi Helikonhoz f\u0171z\u0151d\u0151 viszony\u00e1r\u00f3l kapunk kimer\u00edt\u0151 k\u00e9pet (c\u00edm: Maj\u00e1lis\/Republicii u. 5\/1. sz\u00e1m).<\/p>\n<p>(Forr\u00e1s: <a href=\"http:\/\/www.szabadsag.ro\/szabadsag\/servlet\/szabadsag\/template\/article,PMainArticleScreen.vm\/id\/2803;jsessionid=2EBD3206766BCB67C3A3A9FE9622C639\">Szabads\u00e1g online<\/a>)<\/p>\n","protected":false},"excerpt":{"rendered":"<p>Boedapest, 11 november 2010 \u2013 23 januari 2011 Gr\u00f3f B\u00e1nffy Mikl\u00f3s v\u00e1ndorki\u00e1ll\u00edt\u00e1s\u00a0(Budapest, Krisztina K\u00f6r\u00fat 57.) Reizende tentoonstelling over Mikl\u00f3s B\u00e1nffy in het Nationale Theatermuseum Opening\/Megnyit\u00f3: 11 november 2010, 17:00 Voltam, l\u00e1ttam, nem gy\u0151ztem. Tulajdonk\u00e9ppen nagy, nagyon nagy ez az \u00e9let, de kicsi ahhoz amit l\u00e1tni szeretn\u00e9nk\u00a0bel\u0151le. Tetszik, hogy a ford\u00edt\u00e1som r\u00e9v\u00e9n ilyen k\u00f6zel ker\u00fclgetek (sic!) [&hellip;]<\/p>\n","protected":false},"author":1,"featured_media":0,"comment_status":"open","ping_status":"open","sticky":false,"template":"","format":"standard","meta":{"footnotes":""},"categories":[4],"tags":[],"class_list":["post-119","post","type-post","status-publish","format-standard","hentry","category-uncategorized"],"_links":{"self":[{"href":"https:\/\/www.rebekkahermanmostert.com\/index.php?rest_route=\/wp\/v2\/posts\/119","targetHints":{"allow":["GET"]}}],"collection":[{"href":"https:\/\/www.rebekkahermanmostert.com\/index.php?rest_route=\/wp\/v2\/posts"}],"about":[{"href":"https:\/\/www.rebekkahermanmostert.com\/index.php?rest_route=\/wp\/v2\/types\/post"}],"author":[{"embeddable":true,"href":"https:\/\/www.rebekkahermanmostert.com\/index.php?rest_route=\/wp\/v2\/users\/1"}],"replies":[{"embeddable":true,"href":"https:\/\/www.rebekkahermanmostert.com\/index.php?rest_route=%2Fwp%2Fv2%2Fcomments&post=119"}],"version-history":[{"count":0,"href":"https:\/\/www.rebekkahermanmostert.com\/index.php?rest_route=\/wp\/v2\/posts\/119\/revisions"}],"wp:attachment":[{"href":"https:\/\/www.rebekkahermanmostert.com\/index.php?rest_route=%2Fwp%2Fv2%2Fmedia&parent=119"}],"wp:term":[{"taxonomy":"category","embeddable":true,"href":"https:\/\/www.rebekkahermanmostert.com\/index.php?rest_route=%2Fwp%2Fv2%2Fcategories&post=119"},{"taxonomy":"post_tag","embeddable":true,"href":"https:\/\/www.rebekkahermanmostert.com\/index.php?rest_route=%2Fwp%2Fv2%2Ftags&post=119"}],"curies":[{"name":"wp","href":"https:\/\/api.w.org\/{rel}","templated":true}]}}