{"id":390,"date":"2020-10-23T22:07:00","date_gmt":"2020-10-23T22:07:00","guid":{"rendered":"http:\/\/rebekkahermanmostert.com\/?p=390"},"modified":"2023-04-19T15:31:17","modified_gmt":"2023-04-19T13:31:17","slug":"verschenen-waar-woont-de-haat","status":"publish","type":"post","link":"https:\/\/www.rebekkahermanmostert.com\/?p=390","title":{"rendered":"Kritische stemmen"},"content":{"rendered":"\n<p><\/p>\n\n\n\n<figure class=\"wp-block-image is-resized\"><img loading=\"lazy\" decoding=\"async\" src=\"https:\/\/www.uitgeverijjurgenmaas.nl\/wp-content\/uploads\/2020\/07\/Omslag-waar-woont-de-haat-.jpg\" alt=\"\" width=\"362\" height=\"577\"\/><\/figure>\n\n\n\n<p><em>Waar woont de haat? Kritische stemmen uit de Hongaarse literatuur. <\/em><br>Een sterke bundel teksten in vertaling, door ons Hongaars-Nederlands vertalerscollectief. Hier klinkt een relevant ander Hongaars geluid dan in de dagelijkse pers, zowel in Nederland als in Hongarije. <br><a href=\"https:\/\/www.uitgeverijjurgenmaas.nl\/product\/waar-woont-de-haat\/\" target=\"_blank\" rel=\"noreferrer noopener\">Verschenen bij Uitgeverij Jurgen Maas, Amsterdam (oktober 2020)<\/a><\/p>\n\n\n\n<p>Idee, samenstelling en redactie: Mari Alf\u00f6ldy en Viacheslav Sereda<\/p>\n\n\n\n<p>Auteurs: Iv\u00e1n B\u00e4cher, Kriszta B\u00f3dis, Gy\u00f6rgy Dragom\u00e1n, Vir\u00e1g Erd\u0151s, P\u00e9ter Esterh\u00e1zy, Andr\u00e1s Gerevich, Kriszti\u00e1n Grecs\u00f3, J\u00e1nos H\u00e1y, Tibor Kereszt\u00fary, Gy\u00f6rgy Konr\u00e1d, L\u00e1szl\u00f3 Krasznahorkai, Aliz Mosonyi, P\u00e9ter N\u00e1das, \u00c1d\u00e1m N\u00e1dasdy, Lajos Parti Nagy, Gergely P\u00e9terfi, Gy\u00f6rgy Spir\u00f3, G\u00e1bor Sz\u00e1nt\u00f3, \u00c1kos Szil\u00e1gyi, Krisztina T\u00f3th en G\u00e1bor Zolt\u00e1n.<\/p>\n\n\n\n<p>Vertalers: Mari Alf\u00f6ldy, Jannet Bosselaar, Rebekka Herm\u00e1n Mostert, Henry Kammer, Antje Koelewijn, Frans van Nes, Cora-Lisa S\u00fct\u0151, Rob Visser en Rogier van der Wal.<\/p>\n\n\n\n<p>Uit een recensie in <a href=\"https:\/\/www.literairnederland.nl\/recensie-samenstellers-mari-alfoldy-en-viacheslav-sereda-waar-woont-de-haat\/?fbclid=IwAR0lqNWkYwyP93zIsJ-EmgjhnoTVdod3B6oSFHRQj8P23NJLNojgCnYXVQQ\" target=\"_blank\" rel=\"noreferrer noopener\">Literair Nederland<\/a>: &#8220;In de onlangs verschenen bundel essays en verhalen <em>Waar woont de haat?<\/em> komen louter Hongaarse schrijvers aan het woord. Ze geven van binnenuit commentaar op wat er in hun land gebeurt. En dat is een zeer verhelderende aanvulling op wat via de westerse pers tot ons komt.&#8221;<\/p>\n\n\n\n<p>Uit een recensie in het Friesch Dagblad: &#8220;Hongarije is zoveel meer dan de cynische politiek van Orb\u00e1n. Dat willen de samenstellers van de bundel <em>Waar woont de haat<\/em>? laten zien. In de essays en korte verhalen uit dit boek klinkt een onafhankelijke, niet mis te verstane tegenstem. Onder de 21 auteurs zijn bekende namen als Gy\u00f6rgy Konr\u00e1d, Peter Esterh\u00e1zy en L\u00e1szl\u00f3 Krasznahorkai.&nbsp;<br>Konr\u00e1d: &#8216;Op de keper beschouwd zijn stervelingen voorbij tijd en ruimte op het lachwekkende af gelijk.&#8217;&nbsp;<br>Esterh\u00e1zy pleit in <em>Over niets, over alles<\/em> voor een herwaardering van de waarden van de Franse revolutie: &#8216;De moderne tijd neemt de vrijheid serieus, bewijst lippendienst aan de gelijkheid en vergeet de broederschap.&nbsp;<br>Laten we in Nederland die tegenstem uit Hongarije ter harte nemen, want ook onze politiek is niet vrij van xenofobische en auto cratische tendensen.&nbsp;<\/p>\n\n\n\n<p>Uit een recensie van de <a href=\"https:\/\/www.volkskrant.nl\/cultuur-media\/hongaarse-bundel-geeft-kritische-stemmen-de-ruimte~be4eef5f\/?fbclid=IwAR1OhbYuExbDFf5iHlSxNkW4JXPvdw_r7DChy9-IOXyVgV2ZO276y2YZL1Q\">Volkskrant<\/a>: &#8220;Andere verhalen zijn vooral beklemmend, zoals \u2018Sterreloze avond\u2019 van Krisztina T\u00f3th. De verteller wordt geconfronteerd met tussen-neus-en-lippen-door-haat die in alledaagse gesprekken de kop opsteekt, van een jonge vrouw achter de toonbank die zich hardop afvraagt waarom \u2018ze niet iedereen die aan land probeert te komen gewoon terug de zee in schieten\u2019, tot een taxichauffeur die oppert om al die migranten een tent in te jagen, \u2018met wat gas erbij\u2019. De verteller raakt in ademnood van zo\u2019n achteloos gebrek aan medeleven: \u2018Het benauwde gevoel op mijn borst is hardnekkig, de wolken hangen laag boven me, de hemel is sterreloos. Het is alsof er een tent over ons allemaal heen valt.\u2019&#8221;<\/p>\n","protected":false},"excerpt":{"rendered":"<p>Waar woont de haat? Kritische stemmen uit de Hongaarse literatuur. Een sterke bundel teksten in vertaling, door ons Hongaars-Nederlands vertalerscollectief. Hier klinkt een relevant ander Hongaars geluid dan in de dagelijkse pers, zowel in Nederland als in Hongarije. Verschenen bij Uitgeverij Jurgen Maas, Amsterdam (oktober 2020) Idee, samenstelling en redactie: Mari Alf\u00f6ldy en Viacheslav Sereda [&hellip;]<\/p>\n","protected":false},"author":1,"featured_media":0,"comment_status":"open","ping_status":"open","sticky":false,"template":"","format":"standard","meta":{"footnotes":""},"categories":[4],"tags":[],"class_list":["post-390","post","type-post","status-publish","format-standard","hentry","category-uncategorized"],"_links":{"self":[{"href":"https:\/\/www.rebekkahermanmostert.com\/index.php?rest_route=\/wp\/v2\/posts\/390","targetHints":{"allow":["GET"]}}],"collection":[{"href":"https:\/\/www.rebekkahermanmostert.com\/index.php?rest_route=\/wp\/v2\/posts"}],"about":[{"href":"https:\/\/www.rebekkahermanmostert.com\/index.php?rest_route=\/wp\/v2\/types\/post"}],"author":[{"embeddable":true,"href":"https:\/\/www.rebekkahermanmostert.com\/index.php?rest_route=\/wp\/v2\/users\/1"}],"replies":[{"embeddable":true,"href":"https:\/\/www.rebekkahermanmostert.com\/index.php?rest_route=%2Fwp%2Fv2%2Fcomments&post=390"}],"version-history":[{"count":1,"href":"https:\/\/www.rebekkahermanmostert.com\/index.php?rest_route=\/wp\/v2\/posts\/390\/revisions"}],"predecessor-version":[{"id":462,"href":"https:\/\/www.rebekkahermanmostert.com\/index.php?rest_route=\/wp\/v2\/posts\/390\/revisions\/462"}],"wp:attachment":[{"href":"https:\/\/www.rebekkahermanmostert.com\/index.php?rest_route=%2Fwp%2Fv2%2Fmedia&parent=390"}],"wp:term":[{"taxonomy":"category","embeddable":true,"href":"https:\/\/www.rebekkahermanmostert.com\/index.php?rest_route=%2Fwp%2Fv2%2Fcategories&post=390"},{"taxonomy":"post_tag","embeddable":true,"href":"https:\/\/www.rebekkahermanmostert.com\/index.php?rest_route=%2Fwp%2Fv2%2Ftags&post=390"}],"curies":[{"name":"wp","href":"https:\/\/api.w.org\/{rel}","templated":true}]}}